{"id":1462,"date":"2021-08-16T13:15:07","date_gmt":"2021-08-16T11:15:07","guid":{"rendered":"https:\/\/elanjardin.fr\/?p=1462"},"modified":"2021-10-05T09:03:42","modified_gmt":"2021-10-05T07:03:42","slug":"la-tomate-2","status":"publish","type":"post","link":"https:\/\/elanjardin.fr\/index.php\/2021\/08\/16\/la-tomate-2\/","title":{"rendered":"LE P\u00c2TISSON"},"content":{"rendered":"\t\t<div data-elementor-type=\"wp-post\" data-elementor-id=\"1462\" class=\"elementor elementor-1462\" data-elementor-post-type=\"post\">\n\t\t\t\t\t\t<section class=\"elementor-section elementor-top-section elementor-element elementor-element-33c18436 elementor-section-boxed elementor-section-height-default elementor-section-height-default\" data-id=\"33c18436\" data-element_type=\"section\">\n\t\t\t\t\t\t<div class=\"elementor-container elementor-column-gap-default\">\n\t\t\t\t\t<div class=\"elementor-column elementor-col-100 elementor-top-column elementor-element elementor-element-427dda6a\" data-id=\"427dda6a\" data-element_type=\"column\">\n\t\t\t<div class=\"elementor-widget-wrap elementor-element-populated\">\n\t\t\t\t\t\t<div class=\"elementor-element elementor-element-7b6da124 elementor-widget elementor-widget-text-editor\" data-id=\"7b6da124\" data-element_type=\"widget\" data-widget_type=\"text-editor.default\">\n\t\t\t\t<div class=\"elementor-widget-container\">\n\t\t\t\t\t\t\t\t\t<p><\/p>\n<p><span style=\"color: #050505; font-family: 'Segoe UI Historic', 'Segoe UI', Helvetica, Arial, sans-serif; font-size: 11.25px; font-style: normal; font-variant-ligatures: normal; font-variant-caps: normal; font-weight: 400; white-space: pre-wrap;\">L\u00e9gume parfois sous-estim\u00e9 mais qui gagne \u00e0 \u00eatre connu, le p\u00e2tisson est une courge d&rsquo;\u00e9t\u00e9 au petit go\u00fbt d&rsquo;artichaut qui vous offrira multiples possibilit\u00e9s de recettes sal\u00e9es ou sucr\u00e9es. <\/span><\/p>\n<p><\/p>\n<h3>Nous vous proposons cette semaine une recette de <span style=\"color: #008000;\">p\u00e2tisson farci \u00e0 la polenta et moutarde ancienne<\/span><\/h3>\n<p><\/p>\n<p><strong>Ingr\u00e9dients :<\/strong><\/p>\n<p><\/p>\n<p>&#8211; 1 p\u00e2tisson<\/p>\n<p>&#8211; 100 g de polenta<\/p>\n<p>&#8211; Facultatif : 100 g d&rsquo;\u00e9pinards frais ou 50 g surgel\u00e9s<\/p>\n<p>&#8211; 1 oignon<\/p>\n<p>&#8211; 2 cuill\u00e8res \u00e0 soupe de moutarde \u00e0 l&rsquo;ancienne<\/p>\n<p>&#8211; 40 cl de bouillon de l\u00e9gume ou de viande<\/p>\n<p>&#8211; 1 cuill\u00e8re \u00e0 soupe d&rsquo;huile d&rsquo;olive<\/p>\n<p>&#8211; Sel, poivre<\/p>\n<p>&#8211; D\u00e9coupez \u00e0 l&rsquo;aide d&rsquo;un couteau le \u00ab\u00a0chapeau\u00a0\u00bb du p\u00e2tisson.<\/p>\n<p>&#8211; Retirez les graines que vous utiliserez pour replanter ou pour l&rsquo;ap\u00e9ritif :\u00a0<a href=\"https:\/\/www.recettesduchef.fr\/Recettes\/Aperitifs-Tapas-Bouchees\/graines-de-potimarron-pour-l-aperitif.html\">graines de courges pour l&rsquo;ap\u00e9ritif<\/a>.<\/p>\n<p>&#8211; Remettez le chapeau en place. Emballez le p\u00e2tisson dans du papier aluminium et fa\u00eetes cuire au four \u00e0 180\u00b0 pendant 20 minutes.<\/p>\n<p>&#8211; Pendant ce temps, \u00e9pluchez et ciselez l&rsquo;oignon (en tous petits d\u00e9s).<\/p>\n<p>&#8211; Lavez, \u00e9gouttez et ciselez (coupez en tous petits morceaux) les \u00e9pinards si vous souhaitez en mettre.<\/p>\n<p>&#8211; Fa\u00eetes revenir l&rsquo;oignon dans un peu d&rsquo;huile d&rsquo;olive \u00e0 la po\u00eale pendant 5 minutes.<\/p>\n<p>&#8211; Ajoutez les \u00e9pinards poursuivez la cuisson 5 minutes \u00e0 couvert \u00e0 feu doux.<\/p>\n<p>&#8211; Fa\u00eetes cuire la polenta avec du bouillon de l\u00e9gumes ou de viande en respectant les indications du paquet : selon les marques il faut plus ou moins d&rsquo;eau, en g\u00e9n\u00e9ral 40 cl de bouillon pour 100 g de polenta.<\/p>\n<p>&#8211; Sortez la p\u00e2tisson du four lorsqu&rsquo;il est cuit. Retirez la chair \u00e0 l&rsquo;aide d&rsquo;une cuill\u00e8re \u00e0 soupe. Coupez-la en morceaux afin d&rsquo;obtenir pour partie de la pur\u00e9e et pour partie des petits morceaux de chair de p\u00e2tisson.<\/p>\n<p>&#8211; Ajoutez la chair du p\u00e2tisson et la polenta aux \u00e9pinards et \u00e0 l&rsquo;oignon.<\/p>\n<p>&#8211; Ajoutez 2 cuill\u00e8res \u00e0 soupe de moutarde \u00e0 l&rsquo;ancienne, m\u00e9langez bien.<\/p>\n<p>&#8211; Salez, poivrez.<\/p>\n<p>&#8211; Garnissez votre p\u00e2tisson et enfournez pour 10 minutes \u00e0 180\u00b0. Vous pouvez d\u00e9poser quelques morceaux de beurre pour plus de gourmandise.<\/p>\n<p>D\u00e9gustez chaud.<\/p>\n<p>\u00a0<\/p>\n<p>Bon app\u00e9tit\u00a0!!!<\/p>\n<p>\u00a0<\/p>\n<p>\u00a0<\/p>\n<p><\/p>\t\t\t\t\t\t\t\t<\/div>\n\t\t\t\t<\/div>\n\t\t\t\t\t<\/div>\n\t\t<\/div>\n\t\t\t\t\t<\/div>\n\t\t<\/section>\n\t\t\t\t<\/div>\n\t\t","protected":false},"excerpt":{"rendered":"<p>L\u00e9gume parfois sous-estim\u00e9 mais qui gagne \u00e0 \u00eatre connu, le p\u00e2tisson est une courge d&rsquo;\u00e9t\u00e9 au petit go\u00fbt d&rsquo;artichaut qui vous offrira multiples possibilit\u00e9s de recettes sal\u00e9es ou sucr\u00e9es. Nous vous proposons cette semaine une recette de p\u00e2tisson farci \u00e0 la polenta et moutarde ancienne Ingr\u00e9dients : &#8211; 1 p\u00e2tisson &#8211; 100 g de polenta [&hellip;]<\/p>\n","protected":false},"author":2,"featured_media":1498,"comment_status":"open","ping_status":"open","sticky":false,"template":"","format":"standard","meta":{"footnotes":""},"categories":[27],"tags":[],"class_list":["post-1462","post","type-post","status-publish","format-standard","has-post-thumbnail","hentry","category-recettes"],"yoast_head":"<!-- This site is optimized with the Yoast SEO plugin v26.1.1 - https:\/\/yoast.com\/wordpress\/plugins\/seo\/ -->\n<title>LE P\u00c2TISSON - Elan Jardin<\/title>\n<meta name=\"robots\" content=\"noindex, follow\" \/>\n<meta property=\"og:locale\" content=\"fr_FR\" \/>\n<meta property=\"og:type\" content=\"article\" \/>\n<meta property=\"og:title\" content=\"LE P\u00c2TISSON - Elan Jardin\" \/>\n<meta property=\"og:description\" content=\"L\u00e9gume parfois sous-estim\u00e9 mais qui gagne \u00e0 \u00eatre connu, le p\u00e2tisson est une courge d&rsquo;\u00e9t\u00e9 au petit go\u00fbt d&rsquo;artichaut qui vous offrira multiples possibilit\u00e9s de recettes sal\u00e9es ou sucr\u00e9es. Nous vous proposons cette semaine une recette de p\u00e2tisson farci \u00e0 la polenta et moutarde ancienne Ingr\u00e9dients : &#8211; 1 p\u00e2tisson &#8211; 100 g de polenta [&hellip;]\" \/>\n<meta property=\"og:url\" content=\"https:\/\/elanjardin.fr\/index.php\/2021\/08\/16\/la-tomate-2\/\" \/>\n<meta property=\"og:site_name\" content=\"Elan Jardin\" \/>\n<meta property=\"article:publisher\" content=\"https:\/\/www.facebook.com\/profile.php?id=100008141408170\" \/>\n<meta property=\"article:published_time\" content=\"2021-08-16T11:15:07+00:00\" \/>\n<meta property=\"article:modified_time\" content=\"2021-10-05T07:03:42+00:00\" \/>\n<meta property=\"og:image\" content=\"https:\/\/i0.wp.com\/elanjardin.fr\/wp-content\/uploads\/2021\/08\/graines-de-courge-patisson-blanc.jpg?fit=250%2C250&ssl=1\" \/>\n\t<meta property=\"og:image:width\" content=\"250\" \/>\n\t<meta property=\"og:image:height\" content=\"250\" \/>\n\t<meta property=\"og:image:type\" content=\"image\/jpeg\" \/>\n<meta name=\"author\" content=\"AdElanjardin\" \/>\n<meta name=\"twitter:card\" content=\"summary_large_image\" \/>\n<meta name=\"twitter:label1\" content=\"\u00c9crit par\" \/>\n\t<meta name=\"twitter:data1\" content=\"AdElanjardin\" \/>\n\t<meta name=\"twitter:label2\" content=\"Dur\u00e9e de lecture estim\u00e9e\" \/>\n\t<meta name=\"twitter:data2\" content=\"2 minutes\" \/>\n<script type=\"application\/ld+json\" class=\"yoast-schema-graph\">{\"@context\":\"https:\/\/schema.org\",\"@graph\":[{\"@type\":\"Article\",\"@id\":\"https:\/\/elanjardin.fr\/index.php\/2021\/08\/16\/la-tomate-2\/#article\",\"isPartOf\":{\"@id\":\"https:\/\/elanjardin.fr\/index.php\/2021\/08\/16\/la-tomate-2\/\"},\"author\":{\"name\":\"AdElanjardin\",\"@id\":\"https:\/\/elanjardin.fr\/#\/schema\/person\/f521ab5205bb4cf48a419e878b6623d2\"},\"headline\":\"LE P\u00c2TISSON\",\"datePublished\":\"2021-08-16T11:15:07+00:00\",\"dateModified\":\"2021-10-05T07:03:42+00:00\",\"mainEntityOfPage\":{\"@id\":\"https:\/\/elanjardin.fr\/index.php\/2021\/08\/16\/la-tomate-2\/\"},\"wordCount\":345,\"commentCount\":0,\"publisher\":{\"@id\":\"https:\/\/elanjardin.fr\/#organization\"},\"image\":{\"@id\":\"https:\/\/elanjardin.fr\/index.php\/2021\/08\/16\/la-tomate-2\/#primaryimage\"},\"thumbnailUrl\":\"https:\/\/elanjardin.fr\/wp-content\/uploads\/2021\/08\/graines-de-courge-patisson-blanc.jpg\",\"articleSection\":[\"Recettes et astuces cuisine\"],\"inLanguage\":\"fr-FR\",\"potentialAction\":[{\"@type\":\"CommentAction\",\"name\":\"Comment\",\"target\":[\"https:\/\/elanjardin.fr\/index.php\/2021\/08\/16\/la-tomate-2\/#respond\"]}]},{\"@type\":\"WebPage\",\"@id\":\"https:\/\/elanjardin.fr\/index.php\/2021\/08\/16\/la-tomate-2\/\",\"url\":\"https:\/\/elanjardin.fr\/index.php\/2021\/08\/16\/la-tomate-2\/\",\"name\":\"LE P\u00c2TISSON - Elan Jardin\",\"isPartOf\":{\"@id\":\"https:\/\/elanjardin.fr\/#website\"},\"primaryImageOfPage\":{\"@id\":\"https:\/\/elanjardin.fr\/index.php\/2021\/08\/16\/la-tomate-2\/#primaryimage\"},\"image\":{\"@id\":\"https:\/\/elanjardin.fr\/index.php\/2021\/08\/16\/la-tomate-2\/#primaryimage\"},\"thumbnailUrl\":\"https:\/\/elanjardin.fr\/wp-content\/uploads\/2021\/08\/graines-de-courge-patisson-blanc.jpg\",\"datePublished\":\"2021-08-16T11:15:07+00:00\",\"dateModified\":\"2021-10-05T07:03:42+00:00\",\"breadcrumb\":{\"@id\":\"https:\/\/elanjardin.fr\/index.php\/2021\/08\/16\/la-tomate-2\/#breadcrumb\"},\"inLanguage\":\"fr-FR\",\"potentialAction\":[{\"@type\":\"ReadAction\",\"target\":[\"https:\/\/elanjardin.fr\/index.php\/2021\/08\/16\/la-tomate-2\/\"]}]},{\"@type\":\"ImageObject\",\"inLanguage\":\"fr-FR\",\"@id\":\"https:\/\/elanjardin.fr\/index.php\/2021\/08\/16\/la-tomate-2\/#primaryimage\",\"url\":\"https:\/\/elanjardin.fr\/wp-content\/uploads\/2021\/08\/graines-de-courge-patisson-blanc.jpg\",\"contentUrl\":\"https:\/\/elanjardin.fr\/wp-content\/uploads\/2021\/08\/graines-de-courge-patisson-blanc.jpg\",\"width\":250,\"height\":250},{\"@type\":\"BreadcrumbList\",\"@id\":\"https:\/\/elanjardin.fr\/index.php\/2021\/08\/16\/la-tomate-2\/#breadcrumb\",\"itemListElement\":[{\"@type\":\"ListItem\",\"position\":1,\"name\":\"Accueil\",\"item\":\"https:\/\/elanjardin.fr\/\"},{\"@type\":\"ListItem\",\"position\":2,\"name\":\"LE P\u00c2TISSON\"}]},{\"@type\":\"WebSite\",\"@id\":\"https:\/\/elanjardin.fr\/#website\",\"url\":\"https:\/\/elanjardin.fr\/\",\"name\":\"Elan Jardin\",\"description\":\"\",\"publisher\":{\"@id\":\"https:\/\/elanjardin.fr\/#organization\"},\"potentialAction\":[{\"@type\":\"SearchAction\",\"target\":{\"@type\":\"EntryPoint\",\"urlTemplate\":\"https:\/\/elanjardin.fr\/?s={search_term_string}\"},\"query-input\":{\"@type\":\"PropertyValueSpecification\",\"valueRequired\":true,\"valueName\":\"search_term_string\"}}],\"inLanguage\":\"fr-FR\"},{\"@type\":\"Organization\",\"@id\":\"https:\/\/elanjardin.fr\/#organization\",\"name\":\"ELAN JARDIN\",\"url\":\"https:\/\/elanjardin.fr\/\",\"logo\":{\"@type\":\"ImageObject\",\"inLanguage\":\"fr-FR\",\"@id\":\"https:\/\/elanjardin.fr\/#\/schema\/logo\/image\/\",\"url\":\"https:\/\/i2.wp.com\/elanjardin.fr\/wp-content\/uploads\/2021\/09\/favicon-elan-jardin.png?fit=512%2C512&ssl=1\",\"contentUrl\":\"https:\/\/i2.wp.com\/elanjardin.fr\/wp-content\/uploads\/2021\/09\/favicon-elan-jardin.png?fit=512%2C512&ssl=1\",\"width\":512,\"height\":512,\"caption\":\"ELAN JARDIN\"},\"image\":{\"@id\":\"https:\/\/elanjardin.fr\/#\/schema\/logo\/image\/\"},\"sameAs\":[\"https:\/\/www.facebook.com\/profile.php?id=100008141408170\",\"https:\/\/www.instagram.com\/elanjardin_nance\/?hl=fr\"]},{\"@type\":\"Person\",\"@id\":\"https:\/\/elanjardin.fr\/#\/schema\/person\/f521ab5205bb4cf48a419e878b6623d2\",\"name\":\"AdElanjardin\",\"image\":{\"@type\":\"ImageObject\",\"inLanguage\":\"fr-FR\",\"@id\":\"https:\/\/elanjardin.fr\/#\/schema\/person\/image\/\",\"url\":\"https:\/\/secure.gravatar.com\/avatar\/70b4d9e823b49d118a229ee4078df8d75de00a7dee4f890e0c926e0e592e81b3?s=96&d=mm&r=g\",\"contentUrl\":\"https:\/\/secure.gravatar.com\/avatar\/70b4d9e823b49d118a229ee4078df8d75de00a7dee4f890e0c926e0e592e81b3?s=96&d=mm&r=g\",\"caption\":\"AdElanjardin\"},\"url\":\"https:\/\/elanjardin.fr\/index.php\/author\/adelanjardin\/\"}]}<\/script>\n<!-- \/ Yoast SEO plugin. -->","yoast_head_json":{"title":"LE P\u00c2TISSON - Elan Jardin","robots":{"index":"noindex","follow":"follow"},"og_locale":"fr_FR","og_type":"article","og_title":"LE P\u00c2TISSON - Elan Jardin","og_description":"L\u00e9gume parfois sous-estim\u00e9 mais qui gagne \u00e0 \u00eatre connu, le p\u00e2tisson est une courge d&rsquo;\u00e9t\u00e9 au petit go\u00fbt d&rsquo;artichaut qui vous offrira multiples possibilit\u00e9s de recettes sal\u00e9es ou sucr\u00e9es. Nous vous proposons cette semaine une recette de p\u00e2tisson farci \u00e0 la polenta et moutarde ancienne Ingr\u00e9dients : &#8211; 1 p\u00e2tisson &#8211; 100 g de polenta [&hellip;]","og_url":"https:\/\/elanjardin.fr\/index.php\/2021\/08\/16\/la-tomate-2\/","og_site_name":"Elan Jardin","article_publisher":"https:\/\/www.facebook.com\/profile.php?id=100008141408170","article_published_time":"2021-08-16T11:15:07+00:00","article_modified_time":"2021-10-05T07:03:42+00:00","og_image":[{"width":250,"height":250,"url":"https:\/\/i0.wp.com\/elanjardin.fr\/wp-content\/uploads\/2021\/08\/graines-de-courge-patisson-blanc.jpg?fit=250%2C250&ssl=1","type":"image\/jpeg"}],"author":"AdElanjardin","twitter_card":"summary_large_image","twitter_misc":{"\u00c9crit par":"AdElanjardin","Dur\u00e9e de lecture estim\u00e9e":"2 minutes"},"schema":{"@context":"https:\/\/schema.org","@graph":[{"@type":"Article","@id":"https:\/\/elanjardin.fr\/index.php\/2021\/08\/16\/la-tomate-2\/#article","isPartOf":{"@id":"https:\/\/elanjardin.fr\/index.php\/2021\/08\/16\/la-tomate-2\/"},"author":{"name":"AdElanjardin","@id":"https:\/\/elanjardin.fr\/#\/schema\/person\/f521ab5205bb4cf48a419e878b6623d2"},"headline":"LE P\u00c2TISSON","datePublished":"2021-08-16T11:15:07+00:00","dateModified":"2021-10-05T07:03:42+00:00","mainEntityOfPage":{"@id":"https:\/\/elanjardin.fr\/index.php\/2021\/08\/16\/la-tomate-2\/"},"wordCount":345,"commentCount":0,"publisher":{"@id":"https:\/\/elanjardin.fr\/#organization"},"image":{"@id":"https:\/\/elanjardin.fr\/index.php\/2021\/08\/16\/la-tomate-2\/#primaryimage"},"thumbnailUrl":"https:\/\/elanjardin.fr\/wp-content\/uploads\/2021\/08\/graines-de-courge-patisson-blanc.jpg","articleSection":["Recettes et astuces cuisine"],"inLanguage":"fr-FR","potentialAction":[{"@type":"CommentAction","name":"Comment","target":["https:\/\/elanjardin.fr\/index.php\/2021\/08\/16\/la-tomate-2\/#respond"]}]},{"@type":"WebPage","@id":"https:\/\/elanjardin.fr\/index.php\/2021\/08\/16\/la-tomate-2\/","url":"https:\/\/elanjardin.fr\/index.php\/2021\/08\/16\/la-tomate-2\/","name":"LE P\u00c2TISSON - Elan Jardin","isPartOf":{"@id":"https:\/\/elanjardin.fr\/#website"},"primaryImageOfPage":{"@id":"https:\/\/elanjardin.fr\/index.php\/2021\/08\/16\/la-tomate-2\/#primaryimage"},"image":{"@id":"https:\/\/elanjardin.fr\/index.php\/2021\/08\/16\/la-tomate-2\/#primaryimage"},"thumbnailUrl":"https:\/\/elanjardin.fr\/wp-content\/uploads\/2021\/08\/graines-de-courge-patisson-blanc.jpg","datePublished":"2021-08-16T11:15:07+00:00","dateModified":"2021-10-05T07:03:42+00:00","breadcrumb":{"@id":"https:\/\/elanjardin.fr\/index.php\/2021\/08\/16\/la-tomate-2\/#breadcrumb"},"inLanguage":"fr-FR","potentialAction":[{"@type":"ReadAction","target":["https:\/\/elanjardin.fr\/index.php\/2021\/08\/16\/la-tomate-2\/"]}]},{"@type":"ImageObject","inLanguage":"fr-FR","@id":"https:\/\/elanjardin.fr\/index.php\/2021\/08\/16\/la-tomate-2\/#primaryimage","url":"https:\/\/elanjardin.fr\/wp-content\/uploads\/2021\/08\/graines-de-courge-patisson-blanc.jpg","contentUrl":"https:\/\/elanjardin.fr\/wp-content\/uploads\/2021\/08\/graines-de-courge-patisson-blanc.jpg","width":250,"height":250},{"@type":"BreadcrumbList","@id":"https:\/\/elanjardin.fr\/index.php\/2021\/08\/16\/la-tomate-2\/#breadcrumb","itemListElement":[{"@type":"ListItem","position":1,"name":"Accueil","item":"https:\/\/elanjardin.fr\/"},{"@type":"ListItem","position":2,"name":"LE P\u00c2TISSON"}]},{"@type":"WebSite","@id":"https:\/\/elanjardin.fr\/#website","url":"https:\/\/elanjardin.fr\/","name":"Elan Jardin","description":"","publisher":{"@id":"https:\/\/elanjardin.fr\/#organization"},"potentialAction":[{"@type":"SearchAction","target":{"@type":"EntryPoint","urlTemplate":"https:\/\/elanjardin.fr\/?s={search_term_string}"},"query-input":{"@type":"PropertyValueSpecification","valueRequired":true,"valueName":"search_term_string"}}],"inLanguage":"fr-FR"},{"@type":"Organization","@id":"https:\/\/elanjardin.fr\/#organization","name":"ELAN JARDIN","url":"https:\/\/elanjardin.fr\/","logo":{"@type":"ImageObject","inLanguage":"fr-FR","@id":"https:\/\/elanjardin.fr\/#\/schema\/logo\/image\/","url":"https:\/\/i2.wp.com\/elanjardin.fr\/wp-content\/uploads\/2021\/09\/favicon-elan-jardin.png?fit=512%2C512&ssl=1","contentUrl":"https:\/\/i2.wp.com\/elanjardin.fr\/wp-content\/uploads\/2021\/09\/favicon-elan-jardin.png?fit=512%2C512&ssl=1","width":512,"height":512,"caption":"ELAN JARDIN"},"image":{"@id":"https:\/\/elanjardin.fr\/#\/schema\/logo\/image\/"},"sameAs":["https:\/\/www.facebook.com\/profile.php?id=100008141408170","https:\/\/www.instagram.com\/elanjardin_nance\/?hl=fr"]},{"@type":"Person","@id":"https:\/\/elanjardin.fr\/#\/schema\/person\/f521ab5205bb4cf48a419e878b6623d2","name":"AdElanjardin","image":{"@type":"ImageObject","inLanguage":"fr-FR","@id":"https:\/\/elanjardin.fr\/#\/schema\/person\/image\/","url":"https:\/\/secure.gravatar.com\/avatar\/70b4d9e823b49d118a229ee4078df8d75de00a7dee4f890e0c926e0e592e81b3?s=96&d=mm&r=g","contentUrl":"https:\/\/secure.gravatar.com\/avatar\/70b4d9e823b49d118a229ee4078df8d75de00a7dee4f890e0c926e0e592e81b3?s=96&d=mm&r=g","caption":"AdElanjardin"},"url":"https:\/\/elanjardin.fr\/index.php\/author\/adelanjardin\/"}]}},"_links":{"self":[{"href":"https:\/\/elanjardin.fr\/index.php\/wp-json\/wp\/v2\/posts\/1462","targetHints":{"allow":["GET"]}}],"collection":[{"href":"https:\/\/elanjardin.fr\/index.php\/wp-json\/wp\/v2\/posts"}],"about":[{"href":"https:\/\/elanjardin.fr\/index.php\/wp-json\/wp\/v2\/types\/post"}],"author":[{"embeddable":true,"href":"https:\/\/elanjardin.fr\/index.php\/wp-json\/wp\/v2\/users\/2"}],"replies":[{"embeddable":true,"href":"https:\/\/elanjardin.fr\/index.php\/wp-json\/wp\/v2\/comments?post=1462"}],"version-history":[{"count":1,"href":"https:\/\/elanjardin.fr\/index.php\/wp-json\/wp\/v2\/posts\/1462\/revisions"}],"predecessor-version":[{"id":1655,"href":"https:\/\/elanjardin.fr\/index.php\/wp-json\/wp\/v2\/posts\/1462\/revisions\/1655"}],"wp:featuredmedia":[{"embeddable":true,"href":"https:\/\/elanjardin.fr\/index.php\/wp-json\/wp\/v2\/media\/1498"}],"wp:attachment":[{"href":"https:\/\/elanjardin.fr\/index.php\/wp-json\/wp\/v2\/media?parent=1462"}],"wp:term":[{"taxonomy":"category","embeddable":true,"href":"https:\/\/elanjardin.fr\/index.php\/wp-json\/wp\/v2\/categories?post=1462"},{"taxonomy":"post_tag","embeddable":true,"href":"https:\/\/elanjardin.fr\/index.php\/wp-json\/wp\/v2\/tags?post=1462"}],"curies":[{"name":"wp","href":"https:\/\/api.w.org\/{rel}","templated":true}]}}