{"id":1266,"date":"2021-07-05T11:47:41","date_gmt":"2021-07-05T09:47:41","guid":{"rendered":"https:\/\/elanjardin.fr\/?p=1266"},"modified":"2021-10-05T09:04:22","modified_gmt":"2021-10-05T07:04:22","slug":"la-feve","status":"publish","type":"post","link":"https:\/\/elanjardin.fr\/index.php\/2021\/07\/05\/la-feve\/","title":{"rendered":"LA F\u00c8VE"},"content":{"rendered":"\t\t<div data-elementor-type=\"wp-post\" data-elementor-id=\"1266\" class=\"elementor elementor-1266\" data-elementor-post-type=\"post\">\n\t\t\t\t\t\t<section class=\"elementor-section elementor-top-section elementor-element elementor-element-33c18436 elementor-section-boxed elementor-section-height-default elementor-section-height-default\" data-id=\"33c18436\" data-element_type=\"section\">\n\t\t\t\t\t\t<div class=\"elementor-container elementor-column-gap-default\">\n\t\t\t\t\t<div class=\"elementor-column elementor-col-100 elementor-top-column elementor-element elementor-element-427dda6a\" data-id=\"427dda6a\" data-element_type=\"column\">\n\t\t\t<div class=\"elementor-widget-wrap elementor-element-populated\">\n\t\t\t\t\t\t<div class=\"elementor-element elementor-element-7b6da124 elementor-widget elementor-widget-text-editor\" data-id=\"7b6da124\" data-element_type=\"widget\" data-widget_type=\"text-editor.default\">\n\t\t\t\t<div class=\"elementor-widget-container\">\n\t\t\t\t\t\t\t\t\t\n<p>En salade, en velout\u00e9, avec des p\u00e2tes, en accompagnement de viande\u2026 la f\u00e8ve se glisse avec facilit\u00e9 dans un grand nombre des recettes des beaux jours. Elle est aussi tr\u00e8s int\u00e9ressante sur le plan nutritionnel (recommand\u00e9e pour la femme enceinte et source d&rsquo;\u00e9nergie pour les sportifs notamment.<\/p>\n\n<h3>Nous vous proposons cette semaine une recette de f\u00e8ve<\/h3>\n\n<p><strong>Ingr\u00e9dients :<\/strong><\/p>\n\n<ul class=\"wp-block-list\">\n<li>500gr de f\u00e8ves fra\u00eeches<\/li>\n<li>2 oignons blancs nouveaux coup\u00e9s en petits d\u00e9s<\/li>\n<li>2 gousses d&rsquo;ail \u00e9minc\u00e9s<\/li>\n<li>1\/2 c-\u00e0-c de cumin en poudre<\/li>\n<li>1\/2 c-\u00e0-c de cumin en graines<\/li>\n<li>1 c-\u00e0-c de paprika<\/li>\n<li>3 c-\u00e0-s d&rsquo;huile d&rsquo;olive<\/li>\n<li>1,5 c-\u00e0-c de sel<\/li>\n<li>25cl d&rsquo;eau<\/li>\n<\/ul>\n\n<p><strong>Pr\u00e9paration :<\/strong><\/p>\n\n<p>&#8211; Ecossez les f\u00e8ves. Faites bouillir de l\u2019eau sal\u00e9e, ajoutez les f\u00e8ves et faites cuire 5min jusqu\u2019au d\u00e9but de l\u2019ebullition.<\/p>\n<p>&#8211; Retirez du feu et \u00e9gouttez, puis passez imm\u00e9diatement sous l\u2019eau glac\u00e9e..<\/p>\n<p>&#8211; Retirez la fine peau des f\u00e8ves.<\/p>\n<p>&#8211; Versez l\u2019huile dans une cocotte ou une sauteuse et faites cuire \u00e0 feu doux.<\/p>\n<p>&#8211; Ajoutez les oignons, l\u2019ail et faites cuire (min \u00e0 feu doux. Lorsque le tout a pris couleur, ajoutez les f\u00e8ves. Faites cuire 3min.<\/p>\n<p>&#8211; Assaisonnez de cumin, paprika et sel puis rajoutez l\u2019eau. Continuez la cuisson 30min \u00e0 feu doux.<\/p>\n<p>&#8211; Eteignez le feu et laissez reposer \u00e0 couvert jusqu\u2019au service.<\/p>\n<p>Nota\u00a0: en Turquie on d\u00e9guste ce plat avec une sauce au yaourt.<\/p>\n\t\t\t\t\t\t\t\t<\/div>\n\t\t\t\t<\/div>\n\t\t\t\t\t<\/div>\n\t\t<\/div>\n\t\t\t\t\t<\/div>\n\t\t<\/section>\n\t\t\t\t<\/div>\n\t\t","protected":false},"excerpt":{"rendered":"<p>En salade, en velout\u00e9, avec des p\u00e2tes, en accompagnement de viande\u2026 la f\u00e8ve se glisse avec facilit\u00e9 dans un grand nombre des recettes des beaux jours. Elle est aussi tr\u00e8s int\u00e9ressante sur le plan nutritionnel (recommand\u00e9e pour la femme enceinte et source d&rsquo;\u00e9nergie pour les sportifs notamment. Nous vous proposons cette semaine une recette de [&hellip;]<\/p>\n","protected":false},"author":2,"featured_media":1271,"comment_status":"open","ping_status":"open","sticky":false,"template":"","format":"standard","meta":{"footnotes":""},"categories":[27],"tags":[],"class_list":["post-1266","post","type-post","status-publish","format-standard","has-post-thumbnail","hentry","category-recettes"],"yoast_head":"<!-- This site is optimized with the Yoast SEO plugin v26.1.1 - https:\/\/yoast.com\/wordpress\/plugins\/seo\/ -->\n<title>LA F\u00c8VE - Elan Jardin<\/title>\n<meta name=\"robots\" content=\"noindex, follow\" \/>\n<meta property=\"og:locale\" content=\"fr_FR\" \/>\n<meta property=\"og:type\" content=\"article\" \/>\n<meta property=\"og:title\" content=\"LA F\u00c8VE - Elan Jardin\" \/>\n<meta property=\"og:description\" content=\"En salade, en velout\u00e9, avec des p\u00e2tes, en accompagnement de viande\u2026 la f\u00e8ve se glisse avec facilit\u00e9 dans un grand nombre des recettes des beaux jours. Elle est aussi tr\u00e8s int\u00e9ressante sur le plan nutritionnel (recommand\u00e9e pour la femme enceinte et source d&rsquo;\u00e9nergie pour les sportifs notamment. Nous vous proposons cette semaine une recette de [&hellip;]\" \/>\n<meta property=\"og:url\" content=\"https:\/\/elanjardin.fr\/index.php\/2021\/07\/05\/la-feve\/\" \/>\n<meta property=\"og:site_name\" content=\"Elan Jardin\" \/>\n<meta property=\"article:publisher\" content=\"https:\/\/www.facebook.com\/profile.php?id=100008141408170\" \/>\n<meta property=\"article:published_time\" content=\"2021-07-05T09:47:41+00:00\" \/>\n<meta property=\"article:modified_time\" content=\"2021-10-05T07:04:22+00:00\" \/>\n<meta property=\"og:image\" content=\"https:\/\/i1.wp.com\/elanjardin.fr\/wp-content\/uploads\/2021\/07\/28052021-scaled.jpg?fit=1920%2C2560&ssl=1\" \/>\n\t<meta property=\"og:image:width\" content=\"1920\" \/>\n\t<meta property=\"og:image:height\" content=\"2560\" \/>\n\t<meta property=\"og:image:type\" content=\"image\/jpeg\" \/>\n<meta name=\"author\" content=\"AdElanjardin\" \/>\n<meta name=\"twitter:card\" content=\"summary_large_image\" \/>\n<meta name=\"twitter:label1\" content=\"\u00c9crit par\" \/>\n\t<meta name=\"twitter:data1\" content=\"AdElanjardin\" \/>\n\t<meta name=\"twitter:label2\" content=\"Dur\u00e9e de lecture estim\u00e9e\" \/>\n\t<meta name=\"twitter:data2\" content=\"1 minute\" \/>\n<script type=\"application\/ld+json\" class=\"yoast-schema-graph\">{\"@context\":\"https:\/\/schema.org\",\"@graph\":[{\"@type\":\"Article\",\"@id\":\"https:\/\/elanjardin.fr\/index.php\/2021\/07\/05\/la-feve\/#article\",\"isPartOf\":{\"@id\":\"https:\/\/elanjardin.fr\/index.php\/2021\/07\/05\/la-feve\/\"},\"author\":{\"name\":\"AdElanjardin\",\"@id\":\"https:\/\/elanjardin.fr\/#\/schema\/person\/f521ab5205bb4cf48a419e878b6623d2\"},\"headline\":\"LA F\u00c8VE\",\"datePublished\":\"2021-07-05T09:47:41+00:00\",\"dateModified\":\"2021-10-05T07:04:22+00:00\",\"mainEntityOfPage\":{\"@id\":\"https:\/\/elanjardin.fr\/index.php\/2021\/07\/05\/la-feve\/\"},\"wordCount\":246,\"commentCount\":0,\"publisher\":{\"@id\":\"https:\/\/elanjardin.fr\/#organization\"},\"image\":{\"@id\":\"https:\/\/elanjardin.fr\/index.php\/2021\/07\/05\/la-feve\/#primaryimage\"},\"thumbnailUrl\":\"https:\/\/elanjardin.fr\/wp-content\/uploads\/2021\/07\/28052021-scaled.jpg\",\"articleSection\":[\"Recettes et astuces cuisine\"],\"inLanguage\":\"fr-FR\",\"potentialAction\":[{\"@type\":\"CommentAction\",\"name\":\"Comment\",\"target\":[\"https:\/\/elanjardin.fr\/index.php\/2021\/07\/05\/la-feve\/#respond\"]}]},{\"@type\":\"WebPage\",\"@id\":\"https:\/\/elanjardin.fr\/index.php\/2021\/07\/05\/la-feve\/\",\"url\":\"https:\/\/elanjardin.fr\/index.php\/2021\/07\/05\/la-feve\/\",\"name\":\"LA F\u00c8VE - Elan Jardin\",\"isPartOf\":{\"@id\":\"https:\/\/elanjardin.fr\/#website\"},\"primaryImageOfPage\":{\"@id\":\"https:\/\/elanjardin.fr\/index.php\/2021\/07\/05\/la-feve\/#primaryimage\"},\"image\":{\"@id\":\"https:\/\/elanjardin.fr\/index.php\/2021\/07\/05\/la-feve\/#primaryimage\"},\"thumbnailUrl\":\"https:\/\/elanjardin.fr\/wp-content\/uploads\/2021\/07\/28052021-scaled.jpg\",\"datePublished\":\"2021-07-05T09:47:41+00:00\",\"dateModified\":\"2021-10-05T07:04:22+00:00\",\"breadcrumb\":{\"@id\":\"https:\/\/elanjardin.fr\/index.php\/2021\/07\/05\/la-feve\/#breadcrumb\"},\"inLanguage\":\"fr-FR\",\"potentialAction\":[{\"@type\":\"ReadAction\",\"target\":[\"https:\/\/elanjardin.fr\/index.php\/2021\/07\/05\/la-feve\/\"]}]},{\"@type\":\"ImageObject\",\"inLanguage\":\"fr-FR\",\"@id\":\"https:\/\/elanjardin.fr\/index.php\/2021\/07\/05\/la-feve\/#primaryimage\",\"url\":\"https:\/\/elanjardin.fr\/wp-content\/uploads\/2021\/07\/28052021-scaled.jpg\",\"contentUrl\":\"https:\/\/elanjardin.fr\/wp-content\/uploads\/2021\/07\/28052021-scaled.jpg\",\"width\":1920,\"height\":2560},{\"@type\":\"BreadcrumbList\",\"@id\":\"https:\/\/elanjardin.fr\/index.php\/2021\/07\/05\/la-feve\/#breadcrumb\",\"itemListElement\":[{\"@type\":\"ListItem\",\"position\":1,\"name\":\"Accueil\",\"item\":\"https:\/\/elanjardin.fr\/\"},{\"@type\":\"ListItem\",\"position\":2,\"name\":\"LA F\u00c8VE\"}]},{\"@type\":\"WebSite\",\"@id\":\"https:\/\/elanjardin.fr\/#website\",\"url\":\"https:\/\/elanjardin.fr\/\",\"name\":\"Elan Jardin\",\"description\":\"\",\"publisher\":{\"@id\":\"https:\/\/elanjardin.fr\/#organization\"},\"potentialAction\":[{\"@type\":\"SearchAction\",\"target\":{\"@type\":\"EntryPoint\",\"urlTemplate\":\"https:\/\/elanjardin.fr\/?s={search_term_string}\"},\"query-input\":{\"@type\":\"PropertyValueSpecification\",\"valueRequired\":true,\"valueName\":\"search_term_string\"}}],\"inLanguage\":\"fr-FR\"},{\"@type\":\"Organization\",\"@id\":\"https:\/\/elanjardin.fr\/#organization\",\"name\":\"ELAN JARDIN\",\"url\":\"https:\/\/elanjardin.fr\/\",\"logo\":{\"@type\":\"ImageObject\",\"inLanguage\":\"fr-FR\",\"@id\":\"https:\/\/elanjardin.fr\/#\/schema\/logo\/image\/\",\"url\":\"https:\/\/i2.wp.com\/elanjardin.fr\/wp-content\/uploads\/2021\/09\/favicon-elan-jardin.png?fit=512%2C512&ssl=1\",\"contentUrl\":\"https:\/\/i2.wp.com\/elanjardin.fr\/wp-content\/uploads\/2021\/09\/favicon-elan-jardin.png?fit=512%2C512&ssl=1\",\"width\":512,\"height\":512,\"caption\":\"ELAN JARDIN\"},\"image\":{\"@id\":\"https:\/\/elanjardin.fr\/#\/schema\/logo\/image\/\"},\"sameAs\":[\"https:\/\/www.facebook.com\/profile.php?id=100008141408170\",\"https:\/\/www.instagram.com\/elanjardin_nance\/?hl=fr\"]},{\"@type\":\"Person\",\"@id\":\"https:\/\/elanjardin.fr\/#\/schema\/person\/f521ab5205bb4cf48a419e878b6623d2\",\"name\":\"AdElanjardin\",\"image\":{\"@type\":\"ImageObject\",\"inLanguage\":\"fr-FR\",\"@id\":\"https:\/\/elanjardin.fr\/#\/schema\/person\/image\/\",\"url\":\"https:\/\/secure.gravatar.com\/avatar\/70b4d9e823b49d118a229ee4078df8d75de00a7dee4f890e0c926e0e592e81b3?s=96&d=mm&r=g\",\"contentUrl\":\"https:\/\/secure.gravatar.com\/avatar\/70b4d9e823b49d118a229ee4078df8d75de00a7dee4f890e0c926e0e592e81b3?s=96&d=mm&r=g\",\"caption\":\"AdElanjardin\"},\"url\":\"https:\/\/elanjardin.fr\/index.php\/author\/adelanjardin\/\"}]}<\/script>\n<!-- \/ Yoast SEO plugin. -->","yoast_head_json":{"title":"LA F\u00c8VE - Elan Jardin","robots":{"index":"noindex","follow":"follow"},"og_locale":"fr_FR","og_type":"article","og_title":"LA F\u00c8VE - Elan Jardin","og_description":"En salade, en velout\u00e9, avec des p\u00e2tes, en accompagnement de viande\u2026 la f\u00e8ve se glisse avec facilit\u00e9 dans un grand nombre des recettes des beaux jours. Elle est aussi tr\u00e8s int\u00e9ressante sur le plan nutritionnel (recommand\u00e9e pour la femme enceinte et source d&rsquo;\u00e9nergie pour les sportifs notamment. Nous vous proposons cette semaine une recette de [&hellip;]","og_url":"https:\/\/elanjardin.fr\/index.php\/2021\/07\/05\/la-feve\/","og_site_name":"Elan Jardin","article_publisher":"https:\/\/www.facebook.com\/profile.php?id=100008141408170","article_published_time":"2021-07-05T09:47:41+00:00","article_modified_time":"2021-10-05T07:04:22+00:00","og_image":[{"width":1920,"height":2560,"url":"https:\/\/i1.wp.com\/elanjardin.fr\/wp-content\/uploads\/2021\/07\/28052021-scaled.jpg?fit=1920%2C2560&ssl=1","type":"image\/jpeg"}],"author":"AdElanjardin","twitter_card":"summary_large_image","twitter_misc":{"\u00c9crit par":"AdElanjardin","Dur\u00e9e de lecture estim\u00e9e":"1 minute"},"schema":{"@context":"https:\/\/schema.org","@graph":[{"@type":"Article","@id":"https:\/\/elanjardin.fr\/index.php\/2021\/07\/05\/la-feve\/#article","isPartOf":{"@id":"https:\/\/elanjardin.fr\/index.php\/2021\/07\/05\/la-feve\/"},"author":{"name":"AdElanjardin","@id":"https:\/\/elanjardin.fr\/#\/schema\/person\/f521ab5205bb4cf48a419e878b6623d2"},"headline":"LA F\u00c8VE","datePublished":"2021-07-05T09:47:41+00:00","dateModified":"2021-10-05T07:04:22+00:00","mainEntityOfPage":{"@id":"https:\/\/elanjardin.fr\/index.php\/2021\/07\/05\/la-feve\/"},"wordCount":246,"commentCount":0,"publisher":{"@id":"https:\/\/elanjardin.fr\/#organization"},"image":{"@id":"https:\/\/elanjardin.fr\/index.php\/2021\/07\/05\/la-feve\/#primaryimage"},"thumbnailUrl":"https:\/\/elanjardin.fr\/wp-content\/uploads\/2021\/07\/28052021-scaled.jpg","articleSection":["Recettes et astuces cuisine"],"inLanguage":"fr-FR","potentialAction":[{"@type":"CommentAction","name":"Comment","target":["https:\/\/elanjardin.fr\/index.php\/2021\/07\/05\/la-feve\/#respond"]}]},{"@type":"WebPage","@id":"https:\/\/elanjardin.fr\/index.php\/2021\/07\/05\/la-feve\/","url":"https:\/\/elanjardin.fr\/index.php\/2021\/07\/05\/la-feve\/","name":"LA F\u00c8VE - Elan Jardin","isPartOf":{"@id":"https:\/\/elanjardin.fr\/#website"},"primaryImageOfPage":{"@id":"https:\/\/elanjardin.fr\/index.php\/2021\/07\/05\/la-feve\/#primaryimage"},"image":{"@id":"https:\/\/elanjardin.fr\/index.php\/2021\/07\/05\/la-feve\/#primaryimage"},"thumbnailUrl":"https:\/\/elanjardin.fr\/wp-content\/uploads\/2021\/07\/28052021-scaled.jpg","datePublished":"2021-07-05T09:47:41+00:00","dateModified":"2021-10-05T07:04:22+00:00","breadcrumb":{"@id":"https:\/\/elanjardin.fr\/index.php\/2021\/07\/05\/la-feve\/#breadcrumb"},"inLanguage":"fr-FR","potentialAction":[{"@type":"ReadAction","target":["https:\/\/elanjardin.fr\/index.php\/2021\/07\/05\/la-feve\/"]}]},{"@type":"ImageObject","inLanguage":"fr-FR","@id":"https:\/\/elanjardin.fr\/index.php\/2021\/07\/05\/la-feve\/#primaryimage","url":"https:\/\/elanjardin.fr\/wp-content\/uploads\/2021\/07\/28052021-scaled.jpg","contentUrl":"https:\/\/elanjardin.fr\/wp-content\/uploads\/2021\/07\/28052021-scaled.jpg","width":1920,"height":2560},{"@type":"BreadcrumbList","@id":"https:\/\/elanjardin.fr\/index.php\/2021\/07\/05\/la-feve\/#breadcrumb","itemListElement":[{"@type":"ListItem","position":1,"name":"Accueil","item":"https:\/\/elanjardin.fr\/"},{"@type":"ListItem","position":2,"name":"LA F\u00c8VE"}]},{"@type":"WebSite","@id":"https:\/\/elanjardin.fr\/#website","url":"https:\/\/elanjardin.fr\/","name":"Elan Jardin","description":"","publisher":{"@id":"https:\/\/elanjardin.fr\/#organization"},"potentialAction":[{"@type":"SearchAction","target":{"@type":"EntryPoint","urlTemplate":"https:\/\/elanjardin.fr\/?s={search_term_string}"},"query-input":{"@type":"PropertyValueSpecification","valueRequired":true,"valueName":"search_term_string"}}],"inLanguage":"fr-FR"},{"@type":"Organization","@id":"https:\/\/elanjardin.fr\/#organization","name":"ELAN JARDIN","url":"https:\/\/elanjardin.fr\/","logo":{"@type":"ImageObject","inLanguage":"fr-FR","@id":"https:\/\/elanjardin.fr\/#\/schema\/logo\/image\/","url":"https:\/\/i2.wp.com\/elanjardin.fr\/wp-content\/uploads\/2021\/09\/favicon-elan-jardin.png?fit=512%2C512&ssl=1","contentUrl":"https:\/\/i2.wp.com\/elanjardin.fr\/wp-content\/uploads\/2021\/09\/favicon-elan-jardin.png?fit=512%2C512&ssl=1","width":512,"height":512,"caption":"ELAN JARDIN"},"image":{"@id":"https:\/\/elanjardin.fr\/#\/schema\/logo\/image\/"},"sameAs":["https:\/\/www.facebook.com\/profile.php?id=100008141408170","https:\/\/www.instagram.com\/elanjardin_nance\/?hl=fr"]},{"@type":"Person","@id":"https:\/\/elanjardin.fr\/#\/schema\/person\/f521ab5205bb4cf48a419e878b6623d2","name":"AdElanjardin","image":{"@type":"ImageObject","inLanguage":"fr-FR","@id":"https:\/\/elanjardin.fr\/#\/schema\/person\/image\/","url":"https:\/\/secure.gravatar.com\/avatar\/70b4d9e823b49d118a229ee4078df8d75de00a7dee4f890e0c926e0e592e81b3?s=96&d=mm&r=g","contentUrl":"https:\/\/secure.gravatar.com\/avatar\/70b4d9e823b49d118a229ee4078df8d75de00a7dee4f890e0c926e0e592e81b3?s=96&d=mm&r=g","caption":"AdElanjardin"},"url":"https:\/\/elanjardin.fr\/index.php\/author\/adelanjardin\/"}]}},"_links":{"self":[{"href":"https:\/\/elanjardin.fr\/index.php\/wp-json\/wp\/v2\/posts\/1266","targetHints":{"allow":["GET"]}}],"collection":[{"href":"https:\/\/elanjardin.fr\/index.php\/wp-json\/wp\/v2\/posts"}],"about":[{"href":"https:\/\/elanjardin.fr\/index.php\/wp-json\/wp\/v2\/types\/post"}],"author":[{"embeddable":true,"href":"https:\/\/elanjardin.fr\/index.php\/wp-json\/wp\/v2\/users\/2"}],"replies":[{"embeddable":true,"href":"https:\/\/elanjardin.fr\/index.php\/wp-json\/wp\/v2\/comments?post=1266"}],"version-history":[{"count":1,"href":"https:\/\/elanjardin.fr\/index.php\/wp-json\/wp\/v2\/posts\/1266\/revisions"}],"predecessor-version":[{"id":1656,"href":"https:\/\/elanjardin.fr\/index.php\/wp-json\/wp\/v2\/posts\/1266\/revisions\/1656"}],"wp:featuredmedia":[{"embeddable":true,"href":"https:\/\/elanjardin.fr\/index.php\/wp-json\/wp\/v2\/media\/1271"}],"wp:attachment":[{"href":"https:\/\/elanjardin.fr\/index.php\/wp-json\/wp\/v2\/media?parent=1266"}],"wp:term":[{"taxonomy":"category","embeddable":true,"href":"https:\/\/elanjardin.fr\/index.php\/wp-json\/wp\/v2\/categories?post=1266"},{"taxonomy":"post_tag","embeddable":true,"href":"https:\/\/elanjardin.fr\/index.php\/wp-json\/wp\/v2\/tags?post=1266"}],"curies":[{"name":"wp","href":"https:\/\/api.w.org\/{rel}","templated":true}]}}